{"id":597,"date":"2013-05-11T02:00:48","date_gmt":"2013-05-11T00:00:48","guid":{"rendered":"http:\/\/feluam.noblogs.org\/?p=597"},"modified":"2013-05-15T15:37:56","modified_gmt":"2013-05-15T13:37:56","slug":"desalojada-y-destruida-la-libreria-autogestionada-de-la-universidad-de-milan","status":"publish","type":"post","link":"https:\/\/feluam.noblogs.org\/?p=597","title":{"rendered":"Desalojada y destruida la Librer\u00eda Autogestionada de la Universidad de Mil\u00e1n"},"content":{"rendered":"<p style=\"text-align: justify\"><em>Como parte integrante <\/em><em>de un proyecto aut\u00f3nomo y okupado en una universidad, <a href=\"http:\/\/kairosuam.wordpress.com\">Kair\u00f3s<\/a>, nos sentimos especialmente cercanos y sensibles ante un hecho como el que publicitamos desde este espacio. El desalojo y destrucci\u00f3n de un espacio okupado en la Universidad Statale de Mil\u00e1n, con la complicidad del Rector y una intervenci\u00f3n policial en el seno de la universidad. <\/em><\/p>\n<p style=\"text-align: justify\"><strong><em>Por la creaci\u00f3n y proliferaci\u00f3n de los espacios okupados. Desalojos son mudanzas.<\/em><\/strong><\/p>\n<p style=\"text-align: justify\">Este comunicado se ha escrito tras la destrucci\u00f3n de la Librer\u00eda Autogestionada ex-Cuem dentro de la Universidad Statale de Milan para denunciar este hecho.<!--more--><br \/>\nLa librer\u00eda autogestionada ex Cuem dentro de la Universidad hab\u00eda nacido hac\u00eda poco m\u00e1s de un a\u00f1o como un espacio para abordar mediante la pr\u00e1ctica directa dos asuntos: (1) la voluntad de construir caminos de producci\u00f3n de teor\u00eda cr\u00edtica en torno al vac\u00edo de la crisis de las instituciones modernas &#8211; incluyendo las del saber- y en segundo lugar (2) la voluntad de reapropiaci\u00f3n de espacios f\u00edsicos sin las l\u00f3gicas t\u00edpicas de las burocracias acad\u00e9micas. Fue gestionada por estudiantes y no estudiantes muy heterog\u00e9neos que vivieron en ella una aut\u00e9ntica experiencia de autogesti\u00f3n. Desarrollaron proyectos sin contar con experiencia editorial, de distribuci\u00f3n o gr\u00e1fica, criticando un modo de producci\u00f3n que regula la accesibilidad al trabajo s\u00f3lo despu\u00e9s una dura formaci\u00f3n te\u00f3rica.<\/p>\n<p style=\"text-align: justify\">El lunes 6 de mayo, tras el habitual par\u00f3n de la vida universitaria del fin de semana, las personas gestoras de la librer\u00eda se encontraron con los muros sin pintura, el suelo destruido y los libros y muebles desaparecidos. Ese mismo d\u00eda, los usuarios de la librer\u00eda entraron dentro de las aulas donde se impart\u00edan las clases, interrumpi\u00e9ndolas, para informar de lo que hab\u00eda pasado y para convocar una asamblea en el espacio central de la Universidad. Despu\u00e9s se llev\u00f3 a cabo una manifestaci\u00f3n por el campus y se ocup\u00f3 un aula donde poder dejar todo el material que hab\u00eda sido desalojado y realizar asambleas para decidir qu\u00e9 hacer.<\/p>\n<p style=\"text-align: justify\">Estas acciones acabaron por motivar al Rector para que solicitara la intervenci\u00f3n de la Polic\u00eda en el campus, declarando: \u00abasumo la plena responsabilidad de una elecci\u00f3n dif\u00edcil, tomada para proteger los derechos de los estudiantes y de la entera comunidad universitaria, y para tutelar la dignidad de la Instituci\u00f3n p\u00fablica. El final ha sido solo la consecuencia de un escalamiento de actos irresponsables y de prevaricaci\u00f3n por parte de una minor\u00eda agresiva, representante solo de s\u00ed misma, no tolerables en una democracia ni ahora ni en el futuro\u00bb en una carta abierta a los estudiantes, profesores y trabajadores de la Universidad en la que legitimaba y justificaba la destrucci\u00f3n de la librer\u00eda.<\/p>\n<p style=\"text-align: justify\">Tras sus palabras, entraron unos cincuenta polic\u00edas antidisturbios, cuya actuaci\u00f3n se sald\u00f3 con cuatro heridos en la cabeza y un brazo roto. Un episodio de esta gravedad no hab\u00eda ocurrido en la universidad desde junio de 1972.<\/p>\n<p style=\"text-align: justify\">Las contradicciones de la gesti\u00f3n de esta situaci\u00f3n, que sin duda ha seguido las l\u00f3gicas de la administraci\u00f3n empresarial, son evidentes: de un lado las actividades dentro de la librer\u00eda no son legales porque no corresponden a un esquema jur\u00eddico ya existente, ni desde un punto de vista cultural; de otro lado la Universidad no tiene ning\u00fan escr\u00fapulo en volverse, por razones econ\u00f3micas, en un enorme pabell\u00f3n publicitario, como por ejemplo durante las ferias que se desarrollan en ella.<\/p>\n<p style=\"text-align: justify\">No se trata s\u00f3lo de proteger o reconstruir un espacio, sino de difundir un proyecto alternativo a la actual colonizaci\u00f3n y sumisi\u00f3n de las vidas.<\/p>\n<p style=\"text-align: justify\">En estos d\u00edas tambi\u00e9n otras facultades en Roma, Bologna y Napoli se han desarrollado acciones de protesta, resistencia y solidaridad y se ha anunciado que el d\u00eda 10 de mayo se dar\u00e1n acciones en todo el territorio italiano contra la militarizaci\u00f3n del espacio universitario y contra la privatizaci\u00f3n de las existencias.<\/p>\n<p style=\"text-align: justify\">Stand up 4 ex-cuem!<\/p>\n<p style=\"text-align: justify\"><a href=\"http:\/\/http:\/\/barcelona.indymedia.org\/newswire\/display\/467111\/index.php\" target=\"_blank\">http:\/\/barcelona.indymedia.org\/newswire\/display\/467111\/index.php<\/a><\/p>\n<p>\u00a0<em><img loading=\"lazy\" decoding=\"async\" class=\"aligncenter\" alt=\"\" src=\"http:\/\/kaosenlared.net\/media\/k2\/items\/cache\/64776710237ab4d704fc23daa4f87907_XL.jpg\" width=\"546\" height=\"407\" \/><\/em><\/p>\n","protected":false},"excerpt":{"rendered":"<p>Como parte integrante de un proyecto aut\u00f3nomo y okupado en una universidad, Kair\u00f3s, nos sentimos especialmente cercanos y sensibles ante un hecho como el que publicitamos desde este espacio. El desalojo y destrucci\u00f3n de un espacio okupado en la Universidad &hellip; <a href=\"https:\/\/feluam.noblogs.org\/?p=597\">Sigue leyendo <span class=\"meta-nav\">&rarr;<\/span><\/a><\/p>\n","protected":false},"author":4671,"featured_media":0,"comment_status":"open","ping_status":"open","sticky":false,"template":"","format":"standard","meta":{"footnotes":""},"categories":[15],"tags":[],"class_list":["post-597","post","type-post","status-publish","format-standard","hentry","category-noticias-destacadas"],"_links":{"self":[{"href":"https:\/\/feluam.noblogs.org\/index.php?rest_route=\/wp\/v2\/posts\/597","targetHints":{"allow":["GET"]}}],"collection":[{"href":"https:\/\/feluam.noblogs.org\/index.php?rest_route=\/wp\/v2\/posts"}],"about":[{"href":"https:\/\/feluam.noblogs.org\/index.php?rest_route=\/wp\/v2\/types\/post"}],"author":[{"embeddable":true,"href":"https:\/\/feluam.noblogs.org\/index.php?rest_route=\/wp\/v2\/users\/4671"}],"replies":[{"embeddable":true,"href":"https:\/\/feluam.noblogs.org\/index.php?rest_route=%2Fwp%2Fv2%2Fcomments&post=597"}],"version-history":[{"count":9,"href":"https:\/\/feluam.noblogs.org\/index.php?rest_route=\/wp\/v2\/posts\/597\/revisions"}],"predecessor-version":[{"id":604,"href":"https:\/\/feluam.noblogs.org\/index.php?rest_route=\/wp\/v2\/posts\/597\/revisions\/604"}],"wp:attachment":[{"href":"https:\/\/feluam.noblogs.org\/index.php?rest_route=%2Fwp%2Fv2%2Fmedia&parent=597"}],"wp:term":[{"taxonomy":"category","embeddable":true,"href":"https:\/\/feluam.noblogs.org\/index.php?rest_route=%2Fwp%2Fv2%2Fcategories&post=597"},{"taxonomy":"post_tag","embeddable":true,"href":"https:\/\/feluam.noblogs.org\/index.php?rest_route=%2Fwp%2Fv2%2Ftags&post=597"}],"curies":[{"name":"wp","href":"https:\/\/api.w.org\/{rel}","templated":true}]}}