{"id":620,"date":"2013-05-15T15:45:42","date_gmt":"2013-05-15T13:45:42","guid":{"rendered":"http:\/\/feluam.noblogs.org\/?p=620"},"modified":"2013-05-15T15:46:35","modified_gmt":"2013-05-15T13:46:35","slug":"registro-fraudulento-del-ateneo-libertario-de-sabadell-y-5-anarquistas-detenidos","status":"publish","type":"post","link":"https:\/\/feluam.noblogs.org\/?p=620","title":{"rendered":"Registro fraudulento del Ateneo Libertario de Sabadell y 5 anarquistas detenidos"},"content":{"rendered":"<div style=\"text-align: justify\"><em>Reproducimos las \u00faltimas noticas que nos llegan del registro del Ateneo Libertario de Sabadel, sede de la CNT y lugar de reuni\u00f3n de la asamblea del 15-M. El registro ha sido ordenado por la Audiencia Nacional y se les est\u00e1 acusando de presunto delito de organizaci\u00f3n en grupo terrorista y otro de enaltecimiento del terrorismo.<\/em><\/div>\n<div style=\"text-align: justify\"><em>Para informaci\u00f3n actualizada <a href=\"http:\/\/cntsabadell.wordpress.com\/\" target=\"_blank\">http:\/\/cntsabadell.wordpress.com\/<\/a><\/em><\/div>\n<div style=\"text-align: justify\"><\/div>\n<div style=\"text-align: justify\">Los Mossos d&#8217;Esquadra est\u00e1n registrando el local por orden de la Audiencia Nacional espa\u00f1ola que a\u00fan no ha dado ninguna explicaci\u00f3n del porqu\u00e9 de la acci\u00f3n \u00b7 Solidarios con el Ateneo est\u00e1n concentrando en la Plaza Marcet.<\/div>\n<h1 style=\"text-align: justify\"><a title=\"Registro fraudulento del Ateneo Libertario de Sabadell\" href=\"http:\/\/cntsabadell.wordpress.com\/2013\/05\/15\/registre-fraudulent-de-lateneu-llibertari-de-sabadell\/\" rel=\"bookmark\">Registro fraudulento del Ateneo Libertario de Sabadell<\/a><\/h1>\n<p style=\"text-align: justify\"><a href=\"http:\/\/cntsabadell.wordpress.com\/2013\/05\/15\/registre-fraudulent-de-lateneu-llibertari-de-sabadell\/\"> 15 de mayo <\/a><\/p>\n<p style=\"text-align: justify\">El mismo d\u00eda que el muy <em>honorable<\/em> cuerpo policial de los Mossos destinan esfuerzos a desalojar <a href=\"http:\/\/www.canpiella.cat\/\" target=\"_blank\">Can Piella<\/a> , un mi\u00e9rcoles 15 de mayo de 2013, no han tenido nada mejor que hacer que entrar sin orden judicial al locales del Ateneo libertario de Sabadell.<!--more--><\/p>\n<p style=\"text-align: justify\">Ninguna persona a\u00fan conoce los motivos de este registro ilegal, s\u00f3lo han dicho que la orden viene dictada por la Audiencia Nacional de Madrid.<\/p>\n<ol style=\"text-align: justify\">\n<li>El local del Ateneo Libertario de Sabadell, propiedad la CNT de dicha localidad, es un espacio abierto a todo el pueblo trabajador de Sabadell, donde numerosos colectivos y gente de Sabadell y de otros lugares han hecho tareas l\u00fadicas, culturales y sociales desde hace a\u00f1os. El mismo colectivo de la asamblea del Ateneo Libertario, gente del 15M local, Amazighs o coordinadoras locales, y un largo etc\u00e9tera, han hecho uso de este espacio. Por tanto, no entendemos que buscan estos cuerpos en este espacio abierto al uso en una ciudad tan carente de espacios libres como resulta ser Sabadell, conocida por los supuestos <em>affairs<\/em> corruptos del ex-alcalde Manuel Bustos, comerciantes reaccionarios (como los que han abierto el Mercado Central en episodios de huelgas generales), y cierta p\u00e1tina \u00abcarcat\u00f2lica\u00bb en determinadas zonas. Metaf\u00f3ricamente, a un lado de la fachada del Ayuntamiento de Sabadell nos encontramos una sede hist\u00f3rica del Banco Sabadell, en la otra una Iglesia bastante grande y, si miramos por la puerta trasera del edificio consistorial veremos otra iglesia con una estatua en el integrista carcat\u00f2lic Sard\u00e0 i Salvany!<\/li>\n<\/ol>\n<p style=\"text-align: justify\">El movimiento libertario sabadellense, desde sus or\u00edgenes en el siglo XIX y hasta nuestros d\u00edas, ha destacado siempre por la lucha de un mundo mejor, aspecto que a d\u00eda de hoy sigue vigente, m\u00e1s a\u00fan en tiempos de recortes sociales y precarizaci\u00f3n de nuestras vidas. Qu\u00e9 parados, j\u00f3venes sin futuro, trabajadores conscientes, migrantes, idealistas o pragm\u00e1ticos y otros tipos de personas se organicen y luchen por sus ideales no es ning\u00fan motivo para un registro. El motivo de fondo de esta gente bajo \u00f3rdenes de Madrid no es otra que atemorizar a la gente que participa y destina parte de su tiempo a decir NO a todos estos abusos que sufrimos como clase, las personas desheredada de los beneficios materiales de este Sistema Capitalista, y que, adem\u00e1s, en los tiempos modernos, llevamos a\u00f1os sufriendo las consecuencias de una crisis originada por la vanidad psicop\u00e1tica de un Sistema, como es la democracia liberal, fundamentado en el beneficio y depredaci\u00f3n econ\u00f3mica.<\/p>\n<p style=\"text-align: justify\">El inicio del registro se ha iniciado sin avisar a ninguna persona de la propiedad del edificio, no exist\u00eda orden judicial y cuando una primera persona se ha aproximado al lugar de los hechos para solicitar informaci\u00f3n y documentaci\u00f3n, entonces han procedido a precintar los locales del Ateneo Libertario de Sabadell. Por ahora, por tanto, y teniendo en cuenta el largo historial de los Mossos (palizas en comisar\u00edas, ojos perdidos por supuestas balas de goma, indultados por malos tratos, entre un ampl\u00edsimo etc\u00e9tera), cualquier cosa se puede esperar de esta entrada, bajo mi punto de vista, no del todo legal &#8230;<\/p>\n<p style=\"text-align: justify\">Ahora mismo un grupo de personas solidarias se concentran en las inmediaciones de los locales del Pasaje Edgardo Ricetti, esperando la presencia de una secretaria judicial y la orden de registro &#8230;<\/p>\n<p style=\"text-align: justify\">Un testigo ocular de los hechos miembro de la CNT de Sabadell<\/p>\n","protected":false},"excerpt":{"rendered":"<p>Reproducimos las \u00faltimas noticas que nos llegan del registro del Ateneo Libertario de Sabadel, sede de la CNT y lugar de reuni\u00f3n de la asamblea del 15-M. El registro ha sido ordenado por la Audiencia Nacional y se les est\u00e1 &hellip; <a href=\"https:\/\/feluam.noblogs.org\/?p=620\">Sigue leyendo <span class=\"meta-nav\">&rarr;<\/span><\/a><\/p>\n","protected":false},"author":4671,"featured_media":0,"comment_status":"open","ping_status":"open","sticky":false,"template":"","format":"standard","meta":{"footnotes":""},"categories":[15],"tags":[],"class_list":["post-620","post","type-post","status-publish","format-standard","hentry","category-noticias-destacadas"],"_links":{"self":[{"href":"https:\/\/feluam.noblogs.org\/index.php?rest_route=\/wp\/v2\/posts\/620","targetHints":{"allow":["GET"]}}],"collection":[{"href":"https:\/\/feluam.noblogs.org\/index.php?rest_route=\/wp\/v2\/posts"}],"about":[{"href":"https:\/\/feluam.noblogs.org\/index.php?rest_route=\/wp\/v2\/types\/post"}],"author":[{"embeddable":true,"href":"https:\/\/feluam.noblogs.org\/index.php?rest_route=\/wp\/v2\/users\/4671"}],"replies":[{"embeddable":true,"href":"https:\/\/feluam.noblogs.org\/index.php?rest_route=%2Fwp%2Fv2%2Fcomments&post=620"}],"version-history":[{"count":4,"href":"https:\/\/feluam.noblogs.org\/index.php?rest_route=\/wp\/v2\/posts\/620\/revisions"}],"predecessor-version":[{"id":624,"href":"https:\/\/feluam.noblogs.org\/index.php?rest_route=\/wp\/v2\/posts\/620\/revisions\/624"}],"wp:attachment":[{"href":"https:\/\/feluam.noblogs.org\/index.php?rest_route=%2Fwp%2Fv2%2Fmedia&parent=620"}],"wp:term":[{"taxonomy":"category","embeddable":true,"href":"https:\/\/feluam.noblogs.org\/index.php?rest_route=%2Fwp%2Fv2%2Fcategories&post=620"},{"taxonomy":"post_tag","embeddable":true,"href":"https:\/\/feluam.noblogs.org\/index.php?rest_route=%2Fwp%2Fv2%2Ftags&post=620"}],"curies":[{"name":"wp","href":"https:\/\/api.w.org\/{rel}","templated":true}]}}