{"id":625,"date":"2013-05-15T16:31:56","date_gmt":"2013-05-15T14:31:56","guid":{"rendered":"http:\/\/feluam.noblogs.org\/?p=625"},"modified":"2013-05-15T19:28:25","modified_gmt":"2013-05-15T17:28:25","slug":"proximas-charlas-en-kairos","status":"publish","type":"post","link":"https:\/\/feluam.noblogs.org\/?p=625","title":{"rendered":"Pr\u00f3ximas charlas en Kair\u00f3s"},"content":{"rendered":"<p style=\"text-align: justify\"><strong>20 de Mayo; 13:30h. <\/strong><a href=\"http:\/\/www.soslaciana.org\/\" target=\"_blank\"><strong>S.O.S. Laciana.<\/strong><\/a><\/p>\n<p style=\"padding-left: 30px;text-align: justify\">El problema de la miner\u00eda a cielo abierto, la corrupci\u00f3n y la degradaci\u00f3n medioambiental que supone en Laciana(Le\u00f3n).<\/p>\n<p style=\"text-align: justify\"><strong>21 de Mayo; 13:30h. Luchas rurales y el aeropuerto in\u00fatil.<\/strong><\/p>\n<p style=\"padding-left: 30px;text-align: justify\">Las luchas desarrolladas en la costa oeste francesa, consistentes en la okupaci\u00f3n de los territorios donde se planeaba construir un nuevo complejo financiero.<\/p>\n<p style=\"text-align: justify\"><strong>22 de Mayo;13:30. <\/strong><a href=\"http:\/\/www.nodo50.org\/autonomia\/tomar_hacer.htm\" target=\"_blank\"><strong>Presentaci\u00f3n del libro \u201cTomar y hacer, en vez de pedir y esperar\u201d.<\/strong><\/a><\/p>\n<p style=\"padding-left: 30px;text-align: justify\">Libro acerca del movimiento aut\u00f3nomo madrile\u00f1o de los a\u00f1os 90.<\/p>\n<p><a href=\"https:\/\/feluam.noblogs.org\/files\/2013\/05\/970001_138290289690205_410943052_n.jpg\"><img loading=\"lazy\" decoding=\"async\" class=\"size-full wp-image-629 aligncenter\" alt=\"prox_activ_kairos\" src=\"https:\/\/feluam.noblogs.org\/files\/2013\/05\/970001_138290289690205_410943052_n.jpg\" width=\"626\" height=\"889\" srcset=\"https:\/\/feluam.noblogs.org\/files\/2013\/05\/970001_138290289690205_410943052_n.jpg 626w, https:\/\/feluam.noblogs.org\/files\/2013\/05\/970001_138290289690205_410943052_n-211x300.jpg 211w\" sizes=\"auto, (max-width: 626px) 100vw, 626px\" \/><\/a><\/p>\n","protected":false},"excerpt":{"rendered":"<p>20 de Mayo; 13:30h. S.O.S. Laciana. El problema de la miner\u00eda a cielo abierto, la corrupci\u00f3n y la degradaci\u00f3n medioambiental que supone en Laciana(Le\u00f3n). 21 de Mayo; 13:30h. Luchas rurales y el aeropuerto in\u00fatil. Las luchas desarrolladas en la costa &hellip; <a href=\"https:\/\/feluam.noblogs.org\/?p=625\">Sigue leyendo <span class=\"meta-nav\">&rarr;<\/span><\/a><\/p>\n","protected":false},"author":4671,"featured_media":0,"comment_status":"open","ping_status":"open","sticky":false,"template":"","format":"standard","meta":{"footnotes":""},"categories":[11],"tags":[],"class_list":["post-625","post","type-post","status-publish","format-standard","hentry","category-actividades-y-convocatorias"],"_links":{"self":[{"href":"https:\/\/feluam.noblogs.org\/index.php?rest_route=\/wp\/v2\/posts\/625","targetHints":{"allow":["GET"]}}],"collection":[{"href":"https:\/\/feluam.noblogs.org\/index.php?rest_route=\/wp\/v2\/posts"}],"about":[{"href":"https:\/\/feluam.noblogs.org\/index.php?rest_route=\/wp\/v2\/types\/post"}],"author":[{"embeddable":true,"href":"https:\/\/feluam.noblogs.org\/index.php?rest_route=\/wp\/v2\/users\/4671"}],"replies":[{"embeddable":true,"href":"https:\/\/feluam.noblogs.org\/index.php?rest_route=%2Fwp%2Fv2%2Fcomments&post=625"}],"version-history":[{"count":5,"href":"https:\/\/feluam.noblogs.org\/index.php?rest_route=\/wp\/v2\/posts\/625\/revisions"}],"predecessor-version":[{"id":631,"href":"https:\/\/feluam.noblogs.org\/index.php?rest_route=\/wp\/v2\/posts\/625\/revisions\/631"}],"wp:attachment":[{"href":"https:\/\/feluam.noblogs.org\/index.php?rest_route=%2Fwp%2Fv2%2Fmedia&parent=625"}],"wp:term":[{"taxonomy":"category","embeddable":true,"href":"https:\/\/feluam.noblogs.org\/index.php?rest_route=%2Fwp%2Fv2%2Fcategories&post=625"},{"taxonomy":"post_tag","embeddable":true,"href":"https:\/\/feluam.noblogs.org\/index.php?rest_route=%2Fwp%2Fv2%2Ftags&post=625"}],"curies":[{"name":"wp","href":"https:\/\/api.w.org\/{rel}","templated":true}]}}