{"id":641,"date":"2013-05-18T22:15:38","date_gmt":"2013-05-18T20:15:38","guid":{"rendered":"http:\/\/feluam.noblogs.org\/?p=641"},"modified":"2013-05-18T22:15:38","modified_gmt":"2013-05-18T20:15:38","slug":"comunicado-del-encierro-en-el-rectorado-de-la-universidad-complutense-de-madrid","status":"publish","type":"post","link":"https:\/\/feluam.noblogs.org\/?p=641","title":{"rendered":"Comunicado del encierro en el rectorado de la Universidad Complutense de Madrid"},"content":{"rendered":"<p lang=\"es-ES\" style=\"text-align: justify\" align=\"CENTER\"><em>Reproducimos el comunicado de las compa\u00f1eras encerradas en el rectorado de la UCM exigiendo la no expulsi\u00f3n de m\u00e1s de 2000 alumnos de la universidad por no poder hacer frente a las tasas. Su lucha es la lucha de todas.<\/em><\/p>\n<p lang=\"es-ES\" align=\"CENTER\">\n<p lang=\"es-ES\" align=\"CENTER\"><strong>Comunicado del encierro en el rectorado de la Universidad Complutense de Madrid<\/strong><\/p>\n<p lang=\"es-ES\" align=\"CENTER\"><strong>\u00a1Ni un estudiante expulsado!<\/strong><\/p>\n<p lang=\"es-ES\" align=\"CENTER\"><i>Por un fondo de becas y prorrogaci\u00f3n de pagos<\/i><\/p>\n<p lang=\"es-ES\" align=\"JUSTIFY\">En este contexto de crisis estructural del sistema, la educaci\u00f3n p\u00fablica es uno de los muchos servicios p\u00fablicos que se ven afectados.<\/p>\n<p align=\"JUSTIFY\">La oligarqu\u00eda concibe la educaci\u00f3n como un mercado nuevo a explotar, otro medio m\u00e1s para extraer beneficios, a la vez que se reduce el acceso de la educaci\u00f3n para que solo una parte adinerada de la poblaci\u00f3n constituya la \u00e9lite econ\u00f3mica y cultural. Dejando a la clase trabajadora relegada a un mero papel de mano de obra incapaz de desarrollarse por s\u00ed misma y dependiente de esta \u00e9lite. Prueba de esto es la aprobaci\u00f3n de la LOMCE a pesar de todo el apoyo que tuvo la huelga educativa del 25 de Abril.<\/p>\n<p align=\"JUSTIFY\">Estudiantes y trabajadores de la Universidad Complutense de Madrid estamos encerrados en nuestro rectorado desde el jueves 16 de este mes como respuesta a una parte de este proceso de mercantilizaci\u00f3n de la universidad. Y es que <b>se est\u00e1 expulsando a compa\u00f1eros y compa\u00f1eras universitarios por no poder hacer frente al elevado coste de las tasas<\/b>.<\/p>\n<ul>\n<li>\n<p align=\"JUSTIFY\">Insistimos en la <b>necesidad de la creaci\u00f3n de un fondo de becas de emergencia para las estudiantes que no puedan pagar, as\u00ed como la prorrogaci\u00f3n del desembolso de las tasas, <\/b>con el que poder dar respuesta a los afectados.<\/p>\n<\/li>\n<li>\n<p align=\"JUSTIFY\">Exigimos el <b>compromiso formal del Rector sobre la conservaci\u00f3n de las notas del curso actual para el pr\u00f3ximo<\/b>, todo lo dem\u00e1s no nos resuelve el conflicto.<\/p>\n<\/li>\n<li>\n<p align=\"JUSTIFY\">Demandamos urgentemente un <b>comunicado oficial que se comprometa a la no intervenci\u00f3n policial mientras se mantengan las condiciones de este encierro por ambas partes.<\/b> Lo creemos esencial para poder establecer unas bases de negociaci\u00f3n serias y estables.<\/p>\n<\/li>\n<li>\n<p align=\"JUSTIFY\">Por \u00faltimo, planteamos unas necesidades b\u00e1sicas para los encerrados como <b>la habilitaci\u00f3n de un espacio de estudio puesto que estamos en \u00e9poca de ex\u00e1menes, y otro de descanso.<\/b> Estas condiciones se han dado en anteriores encierros en esta misma instituci\u00f3n, por lo que creemos que la negaci\u00f3n a ceder por parte de las autoridades competentes es s\u00f3lo una medida de coacci\u00f3n que no facilita en absoluto la resoluci\u00f3n del conflicto y el buen entendimiento en el transcurrir de esta negociaci\u00f3n.<\/p>\n<\/li>\n<\/ul>\n<p><!--more--><\/p>\n<p align=\"JUSTIFY\">Las respuestas por parte de rectorado en la negociaci\u00f3n con los encerrados han sido las siguientes:<\/p>\n<ul>\n<li>\n<p align=\"JUSTIFY\">El rectorado se ha mostrado en algunas reuniones favorable a mantener una reuni\u00f3n con la comunidad de madrid para conseguir una pr\u00f3rroga de los pagos,hasta septiembre puesto que alegan que deben rendir cuentas ante ellos a fin de trimestre, por lo que de manera unilateral no pueden conceder dicha pr\u00f3rroga. Sin embargo no tenemos este acuerdo confirmado por escrito y en ocasiones la informaci\u00f3n es contradictoria.<\/p>\n<\/li>\n<li>\n<p align=\"JUSTIFY\">Respecto al fondo de becas se han negado rotundamente repitiendo el conocido eslogan de que la Universidad Complutense est\u00e1 en quiebra. No nos han facilitado los documentos necesarios que corroboren esta afirmaci\u00f3n. No es nuestra competencia la b\u00fasqueda de financiaci\u00f3n de estas becas aunque tenemos la informaci\u00f3n de que actualmente se est\u00e1 destinando un presupuesto que asciende a 86.000 \u20ac anuales para los miembros que acudan a reuniones del consejo social. Adem\u00e1s sabemos que nuestro Rector manej\u00f3 en 2012 un presupuesto de 536.586.439 \u20ac, por lo que nos es dif\u00edcil de creer que no se pueda encontrar ninguna soluci\u00f3n.<\/p>\n<\/li>\n<li>\n<p align=\"JUSTIFY\">Desde el vicerrectorado nos ofrecen como \u201csoluci\u00f3n\u201d fraccionar el pago en 4 plazos en lugar de en 3. No sabemos qu\u00e9 pasa con los pagos de los estudiantes a los que se les permita prorrogar la matr\u00edcula, en caso de que suceda.<\/p>\n<\/li>\n<li>\n<p align=\"JUSTIFY\">En cuanto a qu\u00e9 pasar\u00eda con las notas de los ex\u00e1menes ya realizados, se nos responde que se guardar\u00e1n las notas para el pr\u00f3ximo curso pero de manera extraoficial y dependiendo del criterio del profesor. Nuestro futuro no puede quedar en manos de la buena voluntad de algunos docentes, exigimos el acuerdo por escrito enviado por el rector.<\/p>\n<\/li>\n<\/ul>\n<p align=\"JUSTIFY\">Queremos trasladar la convocatoria a toda la comunidad educativa puesto que entendemos que este problema no se limita a los estudiantes, adem\u00e1s de hacer entender la importancia del apoyo y difusi\u00f3n de nuestra situaci\u00f3n. Es necesario el apoyo a este encierro no solo por los afectados por la incapacidad del pago de las tasas sino tambi\u00e9n por parte de asambleas de facultades, tanto de trabajadores como de estudiantes, plataformas, sindicatos o diferentes mareas. Entre todos sumamos m\u00e1s y podremos tener m\u00e1s fuerza de cara a las negociaciones.<\/p>\n<p align=\"JUSTIFY\">\n<p align=\"JUSTIFY\"><em>Un saludo cordial de los encerrados y las encerradas en el rectorado de la UCM<\/em><\/p>\n<p align=\"JUSTIFY\"><strong><em>\u00a1Hacia una educaci\u00f3n gratuita y universal!<\/em><\/strong><\/p>\n","protected":false},"excerpt":{"rendered":"<p>Reproducimos el comunicado de las compa\u00f1eras encerradas en el rectorado de la UCM exigiendo la no expulsi\u00f3n de m\u00e1s de 2000 alumnos de la universidad por no poder hacer frente a las tasas. Su lucha es la lucha de todas. &hellip; <a href=\"https:\/\/feluam.noblogs.org\/?p=641\">Sigue leyendo <span class=\"meta-nav\">&rarr;<\/span><\/a><\/p>\n","protected":false},"author":4671,"featured_media":0,"comment_status":"open","ping_status":"open","sticky":false,"template":"","format":"standard","meta":{"footnotes":""},"categories":[13,15],"tags":[],"class_list":["post-641","post","type-post","status-publish","format-standard","hentry","category-convocatorias-ajenas","category-noticias-destacadas"],"_links":{"self":[{"href":"https:\/\/feluam.noblogs.org\/index.php?rest_route=\/wp\/v2\/posts\/641","targetHints":{"allow":["GET"]}}],"collection":[{"href":"https:\/\/feluam.noblogs.org\/index.php?rest_route=\/wp\/v2\/posts"}],"about":[{"href":"https:\/\/feluam.noblogs.org\/index.php?rest_route=\/wp\/v2\/types\/post"}],"author":[{"embeddable":true,"href":"https:\/\/feluam.noblogs.org\/index.php?rest_route=\/wp\/v2\/users\/4671"}],"replies":[{"embeddable":true,"href":"https:\/\/feluam.noblogs.org\/index.php?rest_route=%2Fwp%2Fv2%2Fcomments&post=641"}],"version-history":[{"count":1,"href":"https:\/\/feluam.noblogs.org\/index.php?rest_route=\/wp\/v2\/posts\/641\/revisions"}],"predecessor-version":[{"id":642,"href":"https:\/\/feluam.noblogs.org\/index.php?rest_route=\/wp\/v2\/posts\/641\/revisions\/642"}],"wp:attachment":[{"href":"https:\/\/feluam.noblogs.org\/index.php?rest_route=%2Fwp%2Fv2%2Fmedia&parent=641"}],"wp:term":[{"taxonomy":"category","embeddable":true,"href":"https:\/\/feluam.noblogs.org\/index.php?rest_route=%2Fwp%2Fv2%2Fcategories&post=641"},{"taxonomy":"post_tag","embeddable":true,"href":"https:\/\/feluam.noblogs.org\/index.php?rest_route=%2Fwp%2Fv2%2Ftags&post=641"}],"curies":[{"name":"wp","href":"https:\/\/api.w.org\/{rel}","templated":true}]}}