{"id":709,"date":"2013-09-01T10:54:44","date_gmt":"2013-09-01T08:54:44","guid":{"rendered":"http:\/\/feluam.noblogs.org\/?p=709"},"modified":"2013-09-01T10:54:44","modified_gmt":"2013-09-01T08:54:44","slug":"nace-el-ateneo-libertario-de-carabanchel","status":"publish","type":"post","link":"https:\/\/feluam.noblogs.org\/?p=709","title":{"rendered":"Nace el Ateneo Libertario de Carabanchel"},"content":{"rendered":"<p><a href=\"http:\/\/ateneolibertariodecarabanchel.wordpress.com\/\" target=\"_blank\">http:\/\/ateneolibertariodecarabanchel.wordpress.com\/<\/a><\/p>\n<p style=\"text-align: justify\">Con el presente comunicado, la asamblea del\u00a0<b>Ateneo Libertario de Carabanchel<\/b>\u00a0quiere hacer p\u00fablico\u00a0<b>la liberaci\u00f3n de todo un inmueble<\/b>\u00a0que hace dos semanas okupamos en la\u00a0<b>calle Valent\u00edn Llaguno 32<\/b>, al lado de una de las principales v\u00edas del barrio de\u00a0<b>Carabanchel<\/b>, la calle General Ricardos,\u00a0<b>en el metro de<b> <\/b>Oporto.<\/b><\/p>\n<p style=\"text-align: justify\">El objetivo que perseguimos con esta okupaci\u00f3n es dotar al barrio de un local espec\u00edficamente anarquista, concretamente un proyecto de Ateneo Libertario que sirva como impulso difusor de diferentes proyectos libertarios en el barrio y en todo Madrid. La difusi\u00f3n de las ideas y cultura libertaria en el barrio tendr\u00e1 un nuevo referente. El proyecto, viene impulsado por Juventudes Libertarias de Madrid (FIJL) y el Grupo Anarquista Heliog\u00e1balo, colectivos adheridos a este nuevo ateneo libertario desde su gestaci\u00f3n hace meses.<\/p>\n<p style=\"text-align: justify\"><img loading=\"lazy\" decoding=\"async\" class=\"aligncenter\" alt=\"\" src=\"http:\/\/ateneolibertariodecarabanchel.files.wordpress.com\/2013\/08\/p8280076.jpg?w=300&amp;h=225\" width=\"300\" height=\"225\" \/><!--more--><\/p>\n<p style=\"text-align: justify\">El funcionamiento del Ateneo, a expensas de concretar el proyecto y habilitar definitivamente el espacio, ser\u00e1 como no puede ser de otra manera trat\u00e1ndose de una iniciativa anarquista, de funcionamiento horizo<\/p>\n<p style=\"text-align: justify\">ntal y asambleario, sin necesidad de l\u00edderes ni estructuras jer\u00e1rquicas de ning\u00fan tipo, partiendo de la igualdad de todos sus miembros y proyectos afines participantes.<\/p>\n<p style=\"text-align: justify\">Tras valorar las distintas opciones posibles de cara a concretar este proyecto de Ateneo, nos decantamos por la okupaci\u00f3n por suponer esta v\u00eda una forma de cuestionar uno de los principales pilares de la podrida sociedad estatal-capitalista: la propiedad privada. No reconocemos a nadie la potestad de apropiarse de los bienes b\u00e1sicos en la vida de las personas, como la alimentaci\u00f3n, la vivienda o la cultura entre otros y ponerle precio con el fin de obtener ganancias u obligando a las personas a vender su fuerza de trabajo para poder acceder a las necesidades b\u00e1sicas a trav\u00e9s del yugo del trabajo asalariado para enriquecer a una minor\u00eda par\u00e1sita. Por eso hemos okupado. Porque consideramos la propiedad privada un robo a la humanidad protegido y auspiciado por el Estado.<\/p>\n<p style=\"text-align: justify\">Nosotros entendemos que la okupaci\u00f3n no es\u00a0<i>perse<\/i>\u00a0revolucionaria, ni debe convertirse en un\u00a0<i>ghetto\u00a0<\/i>est\u00e9tico, ni ser un sitio donde estar de fiesta. Depende del cariz pol\u00edtico que le queramos dar. No mendigaremos nada al Estado porque no lo reconocemos m\u00e1s que como instituci\u00f3n represora, ni queremos recibir ayuda externa a nosotros mismos o a la solidaridad en clave de igualdad entre compa\u00f1eros\/as. Es un proyecto anarquista que utiliza la okupaci\u00f3n como medio, no como fin en s\u00ed mismo, pues nuestra finalidad es acabar para siempre mediante la revoluci\u00f3n social con la sociedad del Capital y el Estado que oprime y subyuga a las personas en todo el mundo.<\/p>\n<p style=\"text-align: justify\">El marco geogr\u00e1fico en el que pretendemos crezca este Ateneo se sit\u00faa en un hist\u00f3rico barrio obrero madrile\u00f1o como es Carabanchel, con un importante contexto hist\u00f3rico en las luchas sociales. Por lo tanto, no es ajeno a los procesos especulativos de inmobiliarias y propietarios que pretenden hacer de los barrios obreros en Madrid barrios muertos, sin vida ni relaciones sociales que no est\u00e9n mediatizadas por el dinero y el consumo. Los barrios obreros\u00a0 sufren de altos precios\u00a0 para rechazar a los sectores de la poblaci\u00f3n que no tengan un alto perfil de consumo expuls\u00e1ndolos a la periferia. Este proceso es orquestado por el Estado con un aumento de la represi\u00f3n y la presencia de mercenarios policiales, restricciones al uso com\u00fan del espacio p\u00fablico, eliminaci\u00f3n de elementos que formen parte de la memoria colectiva (como la c\u00e1rcel de Carabanchel, s\u00edmbolo de la maquinaria represiva del Estado franquista),\u2026etc. Vemos vital la proliferaci\u00f3n de espacios sociales, donde establecer relaciones basadas en la libertad y la igualdad. Espacios arrebatados a los especuladores y al Estado como herramienta de lucha para frenar estos procesos especulativos que incentiven la aparici\u00f3n de conciencia revolucionaria mediante la acci\u00f3n directa \u00a0de los propios afectados y oprimidos, sin intermediarios ni delegar en nadie (jueces, pol\u00edticos, polic\u00eda, partidos pol\u00edticos, burocracias sindicales, etc).<\/p>\n<p style=\"text-align: justify\">Esperamos que nuestro proyecto, aunque humilde, sirva para dar fuelle a las ideas anarquistas de libertad, justicia, solidaridad,apoyo mutuo, acci\u00f3n directa y autogesti\u00f3n en un mundo asolado por los valores autoritarios: el ego\u00edsmo, la envidia, el sexismo, el nacionalismo, la homofobia, el racismo, la xenofobia\u2026 Enmarcado en un contexto social, pol\u00edtico y econ\u00f3mico de ofensiva del Capital contra los oprimidos y explotados del planeta pero tambi\u00e9n donde los brotes de la revuelta y la rabia florecen por el mundo (Grecia, Turqu\u00eda, Brasil, multitud de pa\u00edses \u00e1rabes\u2026), esperamos contribuir con nuestro proyecto al germen de la revuelta, la rebeld\u00eda y la insurrecci\u00f3n en clave anarquista, contra toda forma de autoridad.<\/p>\n<p style=\"text-align: justify\">Hacemos un llamamiento a todo aquel solidario o solidaria que se mantenga alerta de cara a evitar un posible desalojo\u00a0<i>express<\/i>\u00a0de este nuevo espacio liberado. En cuanto limpiemos y habilitemos el lugar, quedar\u00e1 abierto al p\u00fablico y empezar\u00e1 a tener vida con constantes actividades culturales y como lugar de referencia para distintos proyectos anarquistas. Hasta entonces, agradecemos toda muestra de solidaridad con el mont\u00f3n de ayuda y cosas que vamos a necesitar. Viva la anarqu\u00eda.<\/p>\n<p style=\"text-align: justify\">\u00a1Autoorganizaci\u00f3n, solidaridad y acci\u00f3n directa!<\/p>\n","protected":false},"excerpt":{"rendered":"<p>http:\/\/ateneolibertariodecarabanchel.wordpress.com\/ Con el presente comunicado, la asamblea del\u00a0Ateneo Libertario de Carabanchel\u00a0quiere hacer p\u00fablico\u00a0la liberaci\u00f3n de todo un inmueble\u00a0que hace dos semanas okupamos en la\u00a0calle Valent\u00edn Llaguno 32, al lado de una de las principales v\u00edas del barrio de\u00a0Carabanchel, la calle &hellip; <a href=\"https:\/\/feluam.noblogs.org\/?p=709\">Sigue leyendo <span class=\"meta-nav\">&rarr;<\/span><\/a><\/p>\n","protected":false},"author":4671,"featured_media":0,"comment_status":"open","ping_status":"open","sticky":false,"template":"","format":"standard","meta":{"footnotes":""},"categories":[15],"tags":[],"class_list":["post-709","post","type-post","status-publish","format-standard","hentry","category-noticias-destacadas"],"_links":{"self":[{"href":"https:\/\/feluam.noblogs.org\/index.php?rest_route=\/wp\/v2\/posts\/709","targetHints":{"allow":["GET"]}}],"collection":[{"href":"https:\/\/feluam.noblogs.org\/index.php?rest_route=\/wp\/v2\/posts"}],"about":[{"href":"https:\/\/feluam.noblogs.org\/index.php?rest_route=\/wp\/v2\/types\/post"}],"author":[{"embeddable":true,"href":"https:\/\/feluam.noblogs.org\/index.php?rest_route=\/wp\/v2\/users\/4671"}],"replies":[{"embeddable":true,"href":"https:\/\/feluam.noblogs.org\/index.php?rest_route=%2Fwp%2Fv2%2Fcomments&post=709"}],"version-history":[{"count":1,"href":"https:\/\/feluam.noblogs.org\/index.php?rest_route=\/wp\/v2\/posts\/709\/revisions"}],"predecessor-version":[{"id":710,"href":"https:\/\/feluam.noblogs.org\/index.php?rest_route=\/wp\/v2\/posts\/709\/revisions\/710"}],"wp:attachment":[{"href":"https:\/\/feluam.noblogs.org\/index.php?rest_route=%2Fwp%2Fv2%2Fmedia&parent=709"}],"wp:term":[{"taxonomy":"category","embeddable":true,"href":"https:\/\/feluam.noblogs.org\/index.php?rest_route=%2Fwp%2Fv2%2Fcategories&post=709"},{"taxonomy":"post_tag","embeddable":true,"href":"https:\/\/feluam.noblogs.org\/index.php?rest_route=%2Fwp%2Fv2%2Ftags&post=709"}],"curies":[{"name":"wp","href":"https:\/\/api.w.org\/{rel}","templated":true}]}}