{"id":712,"date":"2013-09-12T23:31:52","date_gmt":"2013-09-12T21:31:52","guid":{"rendered":"http:\/\/feluam.noblogs.org\/?p=712"},"modified":"2013-09-12T23:33:38","modified_gmt":"2013-09-12T21:33:38","slug":"movimiento-asambleario-en-la-uam","status":"publish","type":"post","link":"https:\/\/feluam.noblogs.org\/?p=712","title":{"rendered":"Movimiento asambleario en la UAM"},"content":{"rendered":"<p><!--\nP { margin-bottom: 0.21cm; }A:link {  }\n--><\/p>\n<p style=\"text-align: justify\">Las pol\u00edticas de recorte en educaci\u00f3n, el freno a la investigaci\u00f3n, las trabas a las becas, las reformas elitizadoras y mercantilizadoras, los despidos, el paro&#8230;todos estos ataques a nuestras condiciones de vida y a nuestras perspectivas de futuro, dirigidas por los sucesivos gobiernos al servicio de los grandes capitales, crean las condiciones para que un conflicto estalle y los afectados se organicen y le planten cara.<\/p>\n<p><img loading=\"lazy\" decoding=\"async\" class=\"aligncenter\" alt=\"\" src=\"https:\/\/sphotos-b-ord.xx.fbcdn.net\/hphotos-prn1\/525361_352759198167456_467590389_n.jpg\" width=\"577\" height=\"385\" \/><\/p>\n<p style=\"text-align: justify\">Algo as\u00ed sucede en tu universidad, la UAM. Desde hace a\u00f1os que esta situaci\u00f3n de deterioro de la vida universitaria se viene dando, y fruto de este conflicto abierto surgen las asambleas, el espacio natural de los afectados para emprender una lucha. La asamblea es un espacio abierto y participativo, entre iguales, que a trav\u00e9s de las aportaciones individuales y el debate se toman decisiones por consenso con las cuales creamos un discurso propio, unas posiciones ante los distintos problemas que nos rodean y una acci\u00f3n con la cual tratamos de llegar a nuestras metas.<\/p>\n<p style=\"text-align: justify\">El Movimiento Asambleario en la UAM est\u00e1 formado por las distintas Asambleas de Facultad, las cuales se encargan de la difusi\u00f3n en sus respectivas facultades y de reunirse periodicamente para realizar las tareas t\u00edpicas de las asambleas de facultad; preparar acciones, manifestaciones, actos de protesta, foros de debate o actos informativos de toda \u00edndole. Las Asambleas de Facultad se coordinan entre ellas tambi\u00e9n de manera peri\u00f3dica, para tomar acuerdos conjuntos, apoyarse unas a otras y gestionar las distintas propuestas y actividades de las Asambleas de Facultad. A su vez est\u00e1n coordinadas con los profesores, los investigadores y los becarios, formando as\u00ed un movimiento integral en defensa de nuestras condiciones de vida. Pero la organizaci\u00f3n y la acci\u00f3n no terminan en Cantoblanco, se extiende a todo Madrid a trav\u00e9s de la red de asambleas universitarias Tomalafacultad.<\/p>\n<p style=\"text-align: justify\">Los dos \u00faltimos cursos la actividad de las asambleas ha sido fren\u00e9tica, con actos todos los meses. El acto de boikot al inicio del curso acad\u00e9mico, las acampadas en la UAM, el acto de inauguraci\u00f3n propio, los foros de debate, las manifestaciones y las huelgas. Todo con un objetivo claro, la defensa de una universidad gratuita y universal,<\/p>\n<p style=\"text-align: justify\">Incluso lleg\u00f3 a okuparse la antigua librer\u00eda de la UAM, entre filo y letras y profesorado, para crear un Espacio Social, llamado Kair\u00f3s, que durante los \u00faltimos meses de curso alberg\u00f3 todo tipo de iniciativas, grupos de consumo ecol\u00f3gicos, grupos de lectura y de estudio o charlas y jornadas culturales de todo tipo.<\/p>\n<p style=\"text-align: justify\">Este a\u00f1o el Movimiento Asambleario contin\u00faa, todos podemos y debemos participar en las asambleas, a fin de crear un movimiento amplio y fuerte capaz de conseguir victorias y frenar las pol\u00edticas lesivas para el estudiantado. Si quieres participar puedes ponerte en contacto con nosotros a trav\u00e9s de nuestro e-mail, tambi\u00e9n a trav\u00e9s del correo de la coordinadora de asambleas asambleauam.csic@gmail.com, o estando atento a los carteles en los tablones informativos de cada facultad.<\/p>\n<h2 style=\"text-align: center\"><em>\u00a1Asambleas en pie de guerra!<\/em><\/h2>\n<p style=\"text-align: justify\">Uno de los \u00faltimos actos organizados por el Movimiento Asambleario, fueron las \u201cMesas de debate transversal: \u201cComparte el camino\u201d \u201d, organizadas en Kair\u00f3s. En ellas participaron estudiantes, profesores, investigadores y becarios. Juntos y gracias a toda la experiencia acumulada durante el \u00faltimo curso de lucha se realizaron varias ponencias y debates de los cuales sali\u00f3 adelante una tabla reivindicativa, la cual sintetiza gran parte de los problemas inmediatos de la universidad.<\/p>\n<ol style=\"text-align: justify\">\n<li>Recuperaci\u00f3n de ayudas sociales PDI\/PAS (habr\u00eda que listar los recortes en las ayudas, Secci\u00f3n CGT hace un resumen).<\/li>\n<li>Retirada del RD de subidas de tasas: Vuelta a precios de 2010 o Universidad Gratuita<\/li>\n<li>No a la bajada de sueldos de profes en la UAM (se les ha retirado un complemento de la Comunidad de Madrid)<\/li>\n<li>No a la normativa de baja ocupaci\u00f3n que supone la retirada de optativas.<\/li>\n<li>Acabar con la situaci\u00f3n de explotaci\u00f3n y el fraude de contrataci\u00f3n en la figura del profesor asociado.<\/li>\n<li>Acabar con la contrataci\u00f3n de becarios en lugar de trabajadores: Contratos con derechos.<\/li>\n<li>No a la reforma de la LOU: La gesti\u00f3n de la universidad en manos de la comunidad universitaria, no de las empresas y los pol\u00edticos.<\/li>\n<li>Garantizar mediante becas el acceso a todo estudiante que no pueda acceder por motivos econ\u00f3micos.<\/li>\n<li>Recuperaci\u00f3n de la financiaci\u00f3n a las universidades a presupuestos de 2010<\/li>\n<li>Obligaci\u00f3n de publicar presupuestos y contabilidad detallada de las universidades p\u00fablicas<\/li>\n<li>No a la privatizaci\u00f3n de los servicios universitarios (como el de deportes o el de idiomas).<\/li>\n<li>No a la asistencia obligatoria.<\/li>\n<li>Retirada de la normativa de permanencia.<\/li>\n<li>Retirada del reglamente disciplinario fascista.<\/li>\n<\/ol>\n<p style=\"text-align: justify\">Se acuerda que las reivindicaciones-fuerza deben ser: No a la subida de tasas (sin estudiantes no hay universidad, lo que afecta tambi\u00e9n a trabajadores, investigadores, profesores&#8230;) y la universidad de excelencia que queremos (en positivo).<\/p>\n","protected":false},"excerpt":{"rendered":"<p>Las pol\u00edticas de recorte en educaci\u00f3n, el freno a la investigaci\u00f3n, las trabas a las becas, las reformas elitizadoras y mercantilizadoras, los despidos, el paro&#8230;todos estos ataques a nuestras condiciones de vida y a nuestras perspectivas de futuro, dirigidas por &hellip; <a href=\"https:\/\/feluam.noblogs.org\/?p=712\">Sigue leyendo <span class=\"meta-nav\">&rarr;<\/span><\/a><\/p>\n","protected":false},"author":4671,"featured_media":0,"comment_status":"open","ping_status":"open","sticky":false,"template":"","format":"standard","meta":{"footnotes":""},"categories":[15,14],"tags":[],"class_list":["post-712","post","type-post","status-publish","format-standard","hentry","category-noticias-destacadas","category-textos"],"_links":{"self":[{"href":"https:\/\/feluam.noblogs.org\/index.php?rest_route=\/wp\/v2\/posts\/712","targetHints":{"allow":["GET"]}}],"collection":[{"href":"https:\/\/feluam.noblogs.org\/index.php?rest_route=\/wp\/v2\/posts"}],"about":[{"href":"https:\/\/feluam.noblogs.org\/index.php?rest_route=\/wp\/v2\/types\/post"}],"author":[{"embeddable":true,"href":"https:\/\/feluam.noblogs.org\/index.php?rest_route=\/wp\/v2\/users\/4671"}],"replies":[{"embeddable":true,"href":"https:\/\/feluam.noblogs.org\/index.php?rest_route=%2Fwp%2Fv2%2Fcomments&post=712"}],"version-history":[{"count":3,"href":"https:\/\/feluam.noblogs.org\/index.php?rest_route=\/wp\/v2\/posts\/712\/revisions"}],"predecessor-version":[{"id":715,"href":"https:\/\/feluam.noblogs.org\/index.php?rest_route=\/wp\/v2\/posts\/712\/revisions\/715"}],"wp:attachment":[{"href":"https:\/\/feluam.noblogs.org\/index.php?rest_route=%2Fwp%2Fv2%2Fmedia&parent=712"}],"wp:term":[{"taxonomy":"category","embeddable":true,"href":"https:\/\/feluam.noblogs.org\/index.php?rest_route=%2Fwp%2Fv2%2Fcategories&post=712"},{"taxonomy":"post_tag","embeddable":true,"href":"https:\/\/feluam.noblogs.org\/index.php?rest_route=%2Fwp%2Fv2%2Ftags&post=712"}],"curies":[{"name":"wp","href":"https:\/\/api.w.org\/{rel}","templated":true}]}}